{"id":4527,"date":"2024-02-15T03:03:54","date_gmt":"2024-02-15T02:03:54","guid":{"rendered":"https:\/\/caroconfort.com\/actualite\/eroeffnung-des-neuen-caro-confort-showrooms-in-marche-en-famenne-am-21-03-2024\/"},"modified":"2024-06-27T16:57:20","modified_gmt":"2024-06-27T14:57:20","slug":"eroeffnung-des-neuen-caro-confort-showrooms-in-marche-en-famenne-am-21-03-2024","status":"publish","type":"actualite","link":"https:\/\/caroconfort.com\/de\/actualite\/eroeffnung-des-neuen-caro-confort-showrooms-in-marche-en-famenne-am-21-03-2024\/","title":{"rendered":"Er\u00f6ffnung des neuen Caro Confort Showrooms in Marche-en-Famenne am 21\/03\/2024!"},"content":{"rendered":"\t\t<div data-elementor-type=\"wp-post\" data-elementor-id=\"4527\" class=\"elementor elementor-4527 elementor-1453\" data-elementor-post-type=\"actualite\">\n\t\t\t\t<div class=\"elementor-element elementor-element-21478b71 e-flex e-con-boxed elementor-repeater-item-default_padding elementor-repeater-item-none elementor-repeater-item-none_hover e-con e-parent\" data-id=\"21478b71\" data-element_type=\"container\" data-e-type=\"container\" data-settings=\"{&quot;ang_container_spacing_size&quot;:&quot;default_padding&quot;}\">\n\t\t\t\t\t<div class=\"e-con-inner\">\n\t\t\t\t<div class=\"elementor-element elementor-element-551636db elementor-repeater-item-none elementor-repeater-item-none_hover elementor-widget elementor-widget-text-editor\" data-id=\"551636db\" data-element_type=\"widget\" data-e-type=\"widget\" data-widget_type=\"text-editor.default\">\n\t\t\t\t<div class=\"elementor-widget-container\">\n\t\t\t\t\t\t\t\t\t<div>\n<div>\n<div>\n<div>\n<div>\n<p><b>Wir freuen uns, Ihnen die baldige Er\u00f6ffnung unseres neuen Showrooms in Marche-en-Famenne ank\u00fcndigen zu k\u00f6nnen! Dieser Bereich, der ganz der Welt der Fliesen gewidmet ist, wurde entworfen, um jedes Renovierungs- oder Dekorationsprojekt zu inspirieren und zu begleiten. Unser Showroom befindet sich im Herzen der sch\u00f6nen Stadt Marche-en-Famenne und wird am 21. M\u00e4rz 2024 seine T\u00fcren \u00f6ffnen! Ob Sie nun Privatperson oder Profi sind, Caro Confort l\u00e4sst Sie von den neuesten Trends und Technologien im Bereich Fliesen profitieren.<\/b><\/p>\n<\/div>\n<\/div>\n<div>\n<div>\n<p>&nbsp;<\/p>\n<h2>Ein vollst\u00e4ndiges Eintauchen in die Welt der Fliesen<\/h2>\n<\/div>\n<\/div>\n<div>\n<div>\n<p>Unser <a href=\"https:\/\/caroconfort.com\/de\/nos-showrooms\/fliesen-showroom-marche\/\">Showroom in Marche-en-Famenne<\/a> wurde so gestaltet, dass er unseren Besuchern eine immersive Erfahrung bietet. Wenn Sie durch die T\u00fcren des Ladens gehen, werden Sie ein Caro Confort-Team vorfinden, das sich voll und ganz darauf konzentriert, Ihre Bed\u00fcrfnisse zu verstehen und eine gro\u00dfe Auswahl an Fliesen zu verwenden, um diese zu erf\u00fcllen! Von klassischen bis hin zu zeitgen\u00f6ssischen Fliesen finden Sie hier alle Inspirationen, die Sie brauchen, um Ihr Projekt zu einem erfolgreichen Abschluss zu bringen.<\/p>\n<p>Ob Sie nun Fliesen f\u00fcr Ihr Badezimmer, Ihre K\u00fcche, Ihr Wohnzimmer oder Ihren Au\u00dfenbereich suchen, Sie werden eine unersch\u00f6pfliche Inspirationsquelle in unseren Kollektionen finden, die von unseren erfahrenen Mitarbeitern beraten werden.<\/p>\n<\/div>\n<\/div>\n<\/div>\n<\/div>\n<div>\n<div>\n<div>\n<div>\n<p>&nbsp;<\/p>\n<h2>Mit Marche-en-Famenne f\u00fcgt Caro Confort seiner Kollektion einen achten Showroom hinzu!<\/h2>\n<\/div>\n<\/div>\n<div>\n<div>\n<p>Caro Confort, das sind nicht weniger als 8 Showrooms in Belgien und Frankreich! Entdecken Sie neben Marche-en-Famenne auch unsere anderen Gesch\u00e4fte:<\/p>\n<ul>\n<li><a href=\"https:\/\/caroconfort.com\/de\/nos-showrooms\/fliesen-showroom-arlon\/\">Arlon<\/a><\/li>\n<li><a href=\"https:\/\/caroconfort.com\/de\/nos-showrooms\/battice-fliesen-showroom\/\">Battice<\/a><\/li>\n<li><a href=\"https:\/\/caroconfort.com\/de\/nos-showrooms\/showroom-fliesen-kork\/\">L\u00fcttich<\/a><\/li>\n<li><a href=\"https:\/\/caroconfort.com\/de\/nos-showrooms\/fliesen-showroom-lille-lomme\/\">Lille<\/a><\/li>\n<li><a href=\"https:\/\/caroconfort.com\/de\/nos-showrooms\/showroom-fliesen-namur-rhisnes\/\">Namur<\/a><\/li>\n<li><a href=\"https:\/\/caroconfort.com\/de\/nos-showrooms\/fliesen-showroom-st-vith\/\">Sankt Vith<\/a><\/li>\n<li><a href=\"https:\/\/caroconfort.com\/de\/nos-showrooms\/fliesen-showroom-soignies\/\">Soignies<\/a><\/li>\n<\/ul>\n<\/div>\n<\/div>\n<div>\n<div>\n<p>&nbsp;<\/p>\n<h3>Das Versprechen der besten Beratung durch die Experten von Caro Confort<\/h3>\n<\/div>\n<\/div>\n<div>\n<div>\n<p>Die richtigen Fliesen zu verstehen und auszuw\u00e4hlen, kann sich als ziemlich kompliziert erweisen. Besonders in einer Welt, in der die Innovationen voranschreiten und die Auswahl immer gr\u00f6\u00dfer wird. Deshalb steht Ihnen das Team der spezialisierten Berater von Caro Confort zur Verf\u00fcgung, um Sie bei Ihrer Auswahl zu unterst\u00fctzen. Und das in allen Gesch\u00e4ften der Gruppe! Mit unserem Fachwissen k\u00f6nnen Sie die Fliesen finden, die perfekt zu Ihren Bed\u00fcrfnissen, Ihrem Stil und Ihrem Budget passen.<\/p>\n<p>Wir bieten auch 3D-Design an, um Ihnen zu helfen, das Endprodukt Ihres Projekts zu visualisieren.<\/p>\n<\/div>\n<\/div>\n<\/div>\n<\/div>\n<div>\n<div>\n<div>\n<div>\n<p>Die Er\u00f6ffnung unseres neuen Fliesen-Showrooms ist ein wichtiger Schritt in unserem Bestreben, unseren Kunden Qualit\u00e4t, Innovation und Inspiration zu bieten! Wir laden Sie herzlich ein, uns ab dem 21. M\u00e4rz 2024 in unserem neuen Gesch\u00e4ft in Marche-en-Famenne zu besuchen, um unsere Fliesen zu sehen und Ihre Ideen in die Tat umzusetzen!<\/p>\n<\/div>\n<\/div>\n<div><a href=\"https:\/\/caroconfort.com\/de\/kontakt\/\">Kontaktieren Sie Caro Confort  <\/a><\/div>\n<\/div>\n<\/div>\n<\/div>\t\t\t\t\t\t\t\t<\/div>\n\t\t\t\t<\/div>\n\t\t\t\t\t<\/div>\n\t\t\t\t<\/div>\n\t\t\t\t<\/div>\n\t\t","protected":false},"excerpt":{"rendered":"<p>Wir freuen uns, Ihnen die baldige Er\u00f6ffnung unseres neuen Showrooms in Marche-en-Famenne ank\u00fcndigen zu k\u00f6nnen! Dieser Bereich, der ganz der Welt der Fliesen gewidmet ist, wurde entworfen, um jedes Renovierungs- oder Dekorationsprojekt zu inspirieren und zu begleiten. Unser Showroom befindet sich im Herzen der sch\u00f6nen Stadt Marche-en-Famenne und wird am 21. M\u00e4rz 2024 seine T\u00fcren [&hellip;]<\/p>\n","protected":false},"featured_media":1460,"parent":0,"menu_order":0,"template":"","categories":[53],"class_list":["post-4527","actualite","type-actualite","status-publish","has-post-thumbnail","hentry","category-nachrichten"],"acf":[],"_links":{"self":[{"href":"https:\/\/caroconfort.com\/de\/wp-json\/wp\/v2\/actualite\/4527","targetHints":{"allow":["GET"]}}],"collection":[{"href":"https:\/\/caroconfort.com\/de\/wp-json\/wp\/v2\/actualite"}],"about":[{"href":"https:\/\/caroconfort.com\/de\/wp-json\/wp\/v2\/types\/actualite"}],"version-history":[{"count":1,"href":"https:\/\/caroconfort.com\/de\/wp-json\/wp\/v2\/actualite\/4527\/revisions"}],"predecessor-version":[{"id":4529,"href":"https:\/\/caroconfort.com\/de\/wp-json\/wp\/v2\/actualite\/4527\/revisions\/4529"}],"wp:featuredmedia":[{"embeddable":true,"href":"https:\/\/caroconfort.com\/de\/wp-json\/wp\/v2\/media\/1460"}],"wp:attachment":[{"href":"https:\/\/caroconfort.com\/de\/wp-json\/wp\/v2\/media?parent=4527"}],"wp:term":[{"taxonomy":"category","embeddable":true,"href":"https:\/\/caroconfort.com\/de\/wp-json\/wp\/v2\/categories?post=4527"}],"curies":[{"name":"wp","href":"https:\/\/api.w.org\/{rel}","templated":true}]}}